{"id":3956,"date":"2023-12-17T21:17:56","date_gmt":"2023-12-17T20:17:56","guid":{"rendered":"http:\/\/www.schach-trofaiach.com\/blog\/?p=3956"},"modified":"2023-12-18T23:38:30","modified_gmt":"2023-12-18T22:38:30","slug":"askoe-landesturnier-4er-teamblitz","status":"publish","type":"post","link":"https:\/\/www.schach-trofaiach.com\/blog\/askoe-landesturnier-4er-teamblitz\/12\/2023\/","title":{"rendered":"ASK\u00d6 Landesturnier: 4er Teamblitz"},"content":{"rendered":"\n<p class=\"wp-block-paragraph\">Dieses Jahr stand beim traditionellen ASK\u00d6-Bewerb ein Blitzturnier am Programm. Entgegen der Tradition jedoch nicht mehr in der FH Graz, sondern etwas abgelegener &#8211; daf\u00fcr landschaftlich umso ansprechender &#8211; in der Volksschule in Hofst\u00e4tten bei Gleisdorf. <\/p>\n\n\n\n<p class=\"wp-block-paragraph\">Landesreferent und Organisator Fred Wegerer l\u00e4utete um 11 Uhr p\u00fcnktlich die Glocken und begr\u00fc\u00dfte die anwesenden Mannschaften. Gemeinsam mit IA Christian Huber wurden 11 Runden Schweizer System mit einer Bedenkzeit von 3min+2sek durchgef\u00fchrt. 15 Mannschaften nahmen teil. <\/p>\n\n\n\n<!--more-->\n\n\n\n<p class=\"wp-block-paragraph\">Trofaiach fuhr mit zwei Mannschaften in den S\u00fcden. Zwar wurden wir von &#8222;vereinsfremden&#8220; Schachkollegen unterst\u00fctzt, am Teamspirit \u00e4nderte dies jedoch nichts und so gewann das Team &#8222;Trofaiach 1&#8220; (Nomen est omen) vor den \u00fcbrigen Mannschaften. <\/p>\n\n\n\n<p class=\"wp-block-paragraph\">Mit an Board im Siegerteam waren IM Vladimir Hresc, Philipp Raeke, Daniel K\u00f6lber und Stefan Spirk. <br>Nominell waren die vier kaum \u00fcberlegen, jedoch zeigte sich nach einigen Runden, dass dieser Samstag erfolgreich enden wird: In den richtigen Momenten kippten die Partien zu unseren Gunsten und wenn doch einmal &#8222;owi glaht&#8220; wurde, dann nur auf einem Brett ohne den Mannschaftssieg zu gef\u00e4hrden. <\/p>\n\n\n\n<p class=\"wp-block-paragraph\">Hei\u00dfe Titelanw\u00e4rter waren neben uns die ESV Austria mit Fahrner, Ebner, Wegerer und Kerschbaumer und Gleisdorf 1 (Manhardt, Ofner, Knoll, Prem). Wir remisierten gegen die ESV Austria und gewann gegen die Gleisdorfer.<\/p>\n\n\n\n<p class=\"wp-block-paragraph\">Man ist so jung, wie man sich f\u00fchlt. Das war die Devise von Gerd Mitter, der in der zweiten Mannschaft &#8222;Trofaiach Jugend&#8220; an erster Stelle sa\u00df. Ihm folgten auf Brett 2 Jonathan Steinwidder, Brett 3 Richard Reichh\u00fctter und Brett 4 Emmanuil Mushynskyi. Auch unser zweites Team schlug sich wacker und belegte nach 11 Runden den 6. Platz. Erw\u00e4hnenswert ist hier vor allem Jonathans Eloplus iHv 107 Punkten.<br>Unser Youngster Hagen Schmied unterst\u00fctzte die Schachfreunde aus Pernegg und holte dort am dritten Brett 4,5 Punkte &#8211; er darf sich \u00fcber einen Elozuwachs von 83 Punkten freuen.<\/p>\n\n\n\n<p class=\"wp-block-paragraph\">Detaillierte Ergebnisse gibt&#8217;s <a href=\"https:\/\/chess-results.com\/tnr837597.aspx?lan=0&amp;art=1&amp;fed=AUT&amp;turdet=YES\" target=\"_blank\" rel=\"noreferrer noopener\">hier<\/a>.<\/p>\n\n\n\n<figure class=\"wp-block-gallery has-nested-images columns-default is-cropped wp-block-gallery-1 is-layout-flex wp-block-gallery-is-layout-flex\">\n<figure class=\"wp-block-image size-large\"><a href=\"http:\/\/www.schach-trofaiach.com\/blog\/wp-content\/uploads\/2023\/12\/Trofaiach-vs-Trofaiach-Jugend.jpeg\"><img loading=\"lazy\" decoding=\"async\" width=\"1024\" height=\"768\" data-attachment-id=\"3961\" data-permalink=\"https:\/\/www.schach-trofaiach.com\/blog\/trofaiach-vs-trofaiach-jugend\/\" data-orig-file=\"https:\/\/www.schach-trofaiach.com\/blog\/wp-content\/uploads\/2023\/12\/Trofaiach-vs-Trofaiach-Jugend.jpeg\" data-orig-size=\"2048,1536\" data-comments-opened=\"1\" data-image-meta=\"{&quot;aperture&quot;:&quot;0&quot;,&quot;credit&quot;:&quot;&quot;,&quot;camera&quot;:&quot;&quot;,&quot;caption&quot;:&quot;&quot;,&quot;created_timestamp&quot;:&quot;0&quot;,&quot;copyright&quot;:&quot;&quot;,&quot;focal_length&quot;:&quot;0&quot;,&quot;iso&quot;:&quot;0&quot;,&quot;shutter_speed&quot;:&quot;0&quot;,&quot;title&quot;:&quot;&quot;,&quot;orientation&quot;:&quot;0&quot;}\" data-image-title=\"Trofaiach vs Trofaiach Jugend\" data-image-description=\"\" data-image-caption=\"&lt;p&gt;Trofaiach 1 vs Trofaiach Jugend &lt;\/p&gt;\n\" data-large-file=\"https:\/\/www.schach-trofaiach.com\/blog\/wp-content\/uploads\/2023\/12\/Trofaiach-vs-Trofaiach-Jugend-1024x768.jpeg\" data-id=\"3961\" src=\"http:\/\/www.schach-trofaiach.com\/blog\/wp-content\/uploads\/2023\/12\/Trofaiach-vs-Trofaiach-Jugend-1024x768.jpeg\" alt=\"\" class=\"wp-image-3961\" srcset=\"https:\/\/www.schach-trofaiach.com\/blog\/wp-content\/uploads\/2023\/12\/Trofaiach-vs-Trofaiach-Jugend-1024x768.jpeg 1024w, https:\/\/www.schach-trofaiach.com\/blog\/wp-content\/uploads\/2023\/12\/Trofaiach-vs-Trofaiach-Jugend-300x225.jpeg 300w, https:\/\/www.schach-trofaiach.com\/blog\/wp-content\/uploads\/2023\/12\/Trofaiach-vs-Trofaiach-Jugend-768x576.jpeg 768w, https:\/\/www.schach-trofaiach.com\/blog\/wp-content\/uploads\/2023\/12\/Trofaiach-vs-Trofaiach-Jugend-1536x1152.jpeg 1536w, https:\/\/www.schach-trofaiach.com\/blog\/wp-content\/uploads\/2023\/12\/Trofaiach-vs-Trofaiach-Jugend-863x647.jpeg 863w, https:\/\/www.schach-trofaiach.com\/blog\/wp-content\/uploads\/2023\/12\/Trofaiach-vs-Trofaiach-Jugend-144x108.jpeg 144w, https:\/\/www.schach-trofaiach.com\/blog\/wp-content\/uploads\/2023\/12\/Trofaiach-vs-Trofaiach-Jugend-600x450.jpeg 600w, https:\/\/www.schach-trofaiach.com\/blog\/wp-content\/uploads\/2023\/12\/Trofaiach-vs-Trofaiach-Jugend.jpeg 2048w\" sizes=\"auto, (max-width: 1024px) 100vw, 1024px\" \/><\/a><figcaption class=\"wp-element-caption\">Trofaiach Jugend vs Trofaiach <\/figcaption><\/figure>\n\n\n\n<figure class=\"wp-block-image size-large\"><a href=\"http:\/\/www.schach-trofaiach.com\/blog\/wp-content\/uploads\/2023\/12\/Trofaiach-2.jpeg\"><img loading=\"lazy\" decoding=\"async\" width=\"1024\" height=\"576\" data-attachment-id=\"3960\" data-permalink=\"https:\/\/www.schach-trofaiach.com\/blog\/trofaiach-2\/\" data-orig-file=\"https:\/\/www.schach-trofaiach.com\/blog\/wp-content\/uploads\/2023\/12\/Trofaiach-2.jpeg\" data-orig-size=\"2000,1125\" data-comments-opened=\"1\" data-image-meta=\"{&quot;aperture&quot;:&quot;0&quot;,&quot;credit&quot;:&quot;&quot;,&quot;camera&quot;:&quot;&quot;,&quot;caption&quot;:&quot;&quot;,&quot;created_timestamp&quot;:&quot;0&quot;,&quot;copyright&quot;:&quot;&quot;,&quot;focal_length&quot;:&quot;0&quot;,&quot;iso&quot;:&quot;0&quot;,&quot;shutter_speed&quot;:&quot;0&quot;,&quot;title&quot;:&quot;&quot;,&quot;orientation&quot;:&quot;0&quot;}\" data-image-title=\"Trofaiach 2\" data-image-description=\"\" data-image-caption=\"&lt;p&gt;Trofaiach Jugend mit&lt;br \/&gt;\nJoni Steinwidder, Gerd Mitter, Richi Reichh\u00fctter und  Emmanuil&lt;\/p&gt;\n\" data-large-file=\"https:\/\/www.schach-trofaiach.com\/blog\/wp-content\/uploads\/2023\/12\/Trofaiach-2-1024x576.jpeg\" data-id=\"3960\" src=\"http:\/\/www.schach-trofaiach.com\/blog\/wp-content\/uploads\/2023\/12\/Trofaiach-2-1024x576.jpeg\" alt=\"\" class=\"wp-image-3960\" srcset=\"https:\/\/www.schach-trofaiach.com\/blog\/wp-content\/uploads\/2023\/12\/Trofaiach-2-1024x576.jpeg 1024w, https:\/\/www.schach-trofaiach.com\/blog\/wp-content\/uploads\/2023\/12\/Trofaiach-2-300x169.jpeg 300w, https:\/\/www.schach-trofaiach.com\/blog\/wp-content\/uploads\/2023\/12\/Trofaiach-2-768x432.jpeg 768w, https:\/\/www.schach-trofaiach.com\/blog\/wp-content\/uploads\/2023\/12\/Trofaiach-2-1536x864.jpeg 1536w, https:\/\/www.schach-trofaiach.com\/blog\/wp-content\/uploads\/2023\/12\/Trofaiach-2-863x485.jpeg 863w, https:\/\/www.schach-trofaiach.com\/blog\/wp-content\/uploads\/2023\/12\/Trofaiach-2-192x108.jpeg 192w, https:\/\/www.schach-trofaiach.com\/blog\/wp-content\/uploads\/2023\/12\/Trofaiach-2-600x338.jpeg 600w, https:\/\/www.schach-trofaiach.com\/blog\/wp-content\/uploads\/2023\/12\/Trofaiach-2.jpeg 2000w\" sizes=\"auto, (max-width: 1024px) 100vw, 1024px\" \/><\/a><figcaption class=\"wp-element-caption\">Trofaiach Jugend mit\nJoni Steinwidder, Gerd Mitter, Richi Reichh\u00fctter und  Emmanuil\n<\/figcaption><\/figure>\n\n\n\n<figure class=\"wp-block-image size-large\"><a href=\"http:\/\/www.schach-trofaiach.com\/blog\/wp-content\/uploads\/2023\/12\/Startschuss-in-Hofstaetten.jpeg\"><img loading=\"lazy\" decoding=\"async\" width=\"1024\" height=\"768\" data-attachment-id=\"3959\" data-permalink=\"https:\/\/www.schach-trofaiach.com\/blog\/startschuss-in-hofstaetten\/\" data-orig-file=\"https:\/\/www.schach-trofaiach.com\/blog\/wp-content\/uploads\/2023\/12\/Startschuss-in-Hofstaetten.jpeg\" data-orig-size=\"2048,1536\" data-comments-opened=\"1\" data-image-meta=\"{&quot;aperture&quot;:&quot;0&quot;,&quot;credit&quot;:&quot;&quot;,&quot;camera&quot;:&quot;&quot;,&quot;caption&quot;:&quot;&quot;,&quot;created_timestamp&quot;:&quot;0&quot;,&quot;copyright&quot;:&quot;&quot;,&quot;focal_length&quot;:&quot;0&quot;,&quot;iso&quot;:&quot;0&quot;,&quot;shutter_speed&quot;:&quot;0&quot;,&quot;title&quot;:&quot;&quot;,&quot;orientation&quot;:&quot;0&quot;}\" data-image-title=\"Startschuss in Hofst\u00e4tten\" data-image-description=\"\" data-image-caption=\"&lt;p&gt;Er\u00f6ffnung des Turniers. ASK\u00d6 Landesreferent Fred Wegerer&lt;\/p&gt;\n\" data-large-file=\"https:\/\/www.schach-trofaiach.com\/blog\/wp-content\/uploads\/2023\/12\/Startschuss-in-Hofstaetten-1024x768.jpeg\" data-id=\"3959\" src=\"http:\/\/www.schach-trofaiach.com\/blog\/wp-content\/uploads\/2023\/12\/Startschuss-in-Hofstaetten-1024x768.jpeg\" alt=\"\" class=\"wp-image-3959\" srcset=\"https:\/\/www.schach-trofaiach.com\/blog\/wp-content\/uploads\/2023\/12\/Startschuss-in-Hofstaetten-1024x768.jpeg 1024w, https:\/\/www.schach-trofaiach.com\/blog\/wp-content\/uploads\/2023\/12\/Startschuss-in-Hofstaetten-300x225.jpeg 300w, https:\/\/www.schach-trofaiach.com\/blog\/wp-content\/uploads\/2023\/12\/Startschuss-in-Hofstaetten-768x576.jpeg 768w, https:\/\/www.schach-trofaiach.com\/blog\/wp-content\/uploads\/2023\/12\/Startschuss-in-Hofstaetten-1536x1152.jpeg 1536w, https:\/\/www.schach-trofaiach.com\/blog\/wp-content\/uploads\/2023\/12\/Startschuss-in-Hofstaetten-863x647.jpeg 863w, https:\/\/www.schach-trofaiach.com\/blog\/wp-content\/uploads\/2023\/12\/Startschuss-in-Hofstaetten-144x108.jpeg 144w, https:\/\/www.schach-trofaiach.com\/blog\/wp-content\/uploads\/2023\/12\/Startschuss-in-Hofstaetten-600x450.jpeg 600w, https:\/\/www.schach-trofaiach.com\/blog\/wp-content\/uploads\/2023\/12\/Startschuss-in-Hofstaetten.jpeg 2048w\" sizes=\"auto, (max-width: 1024px) 100vw, 1024px\" \/><\/a><figcaption class=\"wp-element-caption\">Er\u00f6ffnung des Turniers. ASK\u00d6 Landesreferent Fred Wegerer<\/figcaption><\/figure>\n\n\n\n<figure class=\"wp-block-image size-large\"><a href=\"http:\/\/www.schach-trofaiach.com\/blog\/wp-content\/uploads\/2023\/12\/Sieger-Trofaiach-1.jpeg\"><img loading=\"lazy\" decoding=\"async\" width=\"1024\" height=\"576\" data-attachment-id=\"3958\" data-permalink=\"https:\/\/www.schach-trofaiach.com\/blog\/sieger-trofaiach-1\/\" data-orig-file=\"https:\/\/www.schach-trofaiach.com\/blog\/wp-content\/uploads\/2023\/12\/Sieger-Trofaiach-1.jpeg\" data-orig-size=\"2000,1125\" data-comments-opened=\"1\" data-image-meta=\"{&quot;aperture&quot;:&quot;0&quot;,&quot;credit&quot;:&quot;&quot;,&quot;camera&quot;:&quot;&quot;,&quot;caption&quot;:&quot;&quot;,&quot;created_timestamp&quot;:&quot;0&quot;,&quot;copyright&quot;:&quot;&quot;,&quot;focal_length&quot;:&quot;0&quot;,&quot;iso&quot;:&quot;0&quot;,&quot;shutter_speed&quot;:&quot;0&quot;,&quot;title&quot;:&quot;&quot;,&quot;orientation&quot;:&quot;0&quot;}\" data-image-title=\"Sieger Trofaiach 1\" data-image-description=\"\" data-image-caption=\"&lt;p&gt;Siegerteam:&lt;br \/&gt;\nDaniel K\u00f6lber, Philipp Raeke, Stefan Spirk und Vladimir Hresc&lt;\/p&gt;\n\" data-large-file=\"https:\/\/www.schach-trofaiach.com\/blog\/wp-content\/uploads\/2023\/12\/Sieger-Trofaiach-1-1024x576.jpeg\" data-id=\"3958\" src=\"http:\/\/www.schach-trofaiach.com\/blog\/wp-content\/uploads\/2023\/12\/Sieger-Trofaiach-1-1024x576.jpeg\" alt=\"\" class=\"wp-image-3958\" srcset=\"https:\/\/www.schach-trofaiach.com\/blog\/wp-content\/uploads\/2023\/12\/Sieger-Trofaiach-1-1024x576.jpeg 1024w, https:\/\/www.schach-trofaiach.com\/blog\/wp-content\/uploads\/2023\/12\/Sieger-Trofaiach-1-300x169.jpeg 300w, https:\/\/www.schach-trofaiach.com\/blog\/wp-content\/uploads\/2023\/12\/Sieger-Trofaiach-1-768x432.jpeg 768w, https:\/\/www.schach-trofaiach.com\/blog\/wp-content\/uploads\/2023\/12\/Sieger-Trofaiach-1-1536x864.jpeg 1536w, https:\/\/www.schach-trofaiach.com\/blog\/wp-content\/uploads\/2023\/12\/Sieger-Trofaiach-1-863x485.jpeg 863w, https:\/\/www.schach-trofaiach.com\/blog\/wp-content\/uploads\/2023\/12\/Sieger-Trofaiach-1-192x108.jpeg 192w, https:\/\/www.schach-trofaiach.com\/blog\/wp-content\/uploads\/2023\/12\/Sieger-Trofaiach-1-600x338.jpeg 600w, https:\/\/www.schach-trofaiach.com\/blog\/wp-content\/uploads\/2023\/12\/Sieger-Trofaiach-1.jpeg 2000w\" sizes=\"auto, (max-width: 1024px) 100vw, 1024px\" \/><\/a><figcaption class=\"wp-element-caption\">Siegerteam:\nDaniel K\u00f6lber, Philipp Raeke, Stefan Spirk und Vladimir Hresc<\/figcaption><\/figure>\n\n\n\n<figure class=\"wp-block-image size-large\"><a href=\"http:\/\/www.schach-trofaiach.com\/blog\/wp-content\/uploads\/2023\/12\/Gruppenfoto-Sieger.jpeg\"><img loading=\"lazy\" decoding=\"async\" width=\"1024\" height=\"576\" data-attachment-id=\"3957\" data-permalink=\"https:\/\/www.schach-trofaiach.com\/blog\/gruppenfoto-sieger\/\" data-orig-file=\"https:\/\/www.schach-trofaiach.com\/blog\/wp-content\/uploads\/2023\/12\/Gruppenfoto-Sieger.jpeg\" data-orig-size=\"2000,1125\" data-comments-opened=\"1\" data-image-meta=\"{&quot;aperture&quot;:&quot;0&quot;,&quot;credit&quot;:&quot;&quot;,&quot;camera&quot;:&quot;&quot;,&quot;caption&quot;:&quot;&quot;,&quot;created_timestamp&quot;:&quot;0&quot;,&quot;copyright&quot;:&quot;&quot;,&quot;focal_length&quot;:&quot;0&quot;,&quot;iso&quot;:&quot;0&quot;,&quot;shutter_speed&quot;:&quot;0&quot;,&quot;title&quot;:&quot;&quot;,&quot;orientation&quot;:&quot;0&quot;}\" data-image-title=\"Gruppenfoto Sieger\" data-image-description=\"\" data-image-caption=\"&lt;p&gt;Gruppenfoto mit den ersten drei Mannschaften&lt;\/p&gt;\n\" data-large-file=\"https:\/\/www.schach-trofaiach.com\/blog\/wp-content\/uploads\/2023\/12\/Gruppenfoto-Sieger-1024x576.jpeg\" data-id=\"3957\" src=\"http:\/\/www.schach-trofaiach.com\/blog\/wp-content\/uploads\/2023\/12\/Gruppenfoto-Sieger-1024x576.jpeg\" alt=\"\" class=\"wp-image-3957\" srcset=\"https:\/\/www.schach-trofaiach.com\/blog\/wp-content\/uploads\/2023\/12\/Gruppenfoto-Sieger-1024x576.jpeg 1024w, https:\/\/www.schach-trofaiach.com\/blog\/wp-content\/uploads\/2023\/12\/Gruppenfoto-Sieger-300x169.jpeg 300w, https:\/\/www.schach-trofaiach.com\/blog\/wp-content\/uploads\/2023\/12\/Gruppenfoto-Sieger-768x432.jpeg 768w, https:\/\/www.schach-trofaiach.com\/blog\/wp-content\/uploads\/2023\/12\/Gruppenfoto-Sieger-1536x864.jpeg 1536w, https:\/\/www.schach-trofaiach.com\/blog\/wp-content\/uploads\/2023\/12\/Gruppenfoto-Sieger-863x485.jpeg 863w, https:\/\/www.schach-trofaiach.com\/blog\/wp-content\/uploads\/2023\/12\/Gruppenfoto-Sieger-192x108.jpeg 192w, https:\/\/www.schach-trofaiach.com\/blog\/wp-content\/uploads\/2023\/12\/Gruppenfoto-Sieger-600x338.jpeg 600w, https:\/\/www.schach-trofaiach.com\/blog\/wp-content\/uploads\/2023\/12\/Gruppenfoto-Sieger.jpeg 2000w\" sizes=\"auto, (max-width: 1024px) 100vw, 1024px\" \/><\/a><figcaption class=\"wp-element-caption\">Gruppenfoto mit den ersten drei Mannschaften<\/figcaption><\/figure>\n<\/figure>\n","protected":false},"excerpt":{"rendered":"<p>Dieses Jahr stand beim traditionellen ASK\u00d6-Bewerb ein Blitzturnier am Programm. Entgegen der Tradition jedoch nicht mehr in der FH Graz, sondern etwas abgelegener &#8211; daf\u00fcr landschaftlich umso ansprechender &#8211; in der Volksschule in Hofst\u00e4tten bei Gleisdorf. Landesreferent und Organisator Fred Wegerer l\u00e4utete um 11 Uhr p\u00fcnktlich die Glocken und begr\u00fc\u00dfte die anwesenden Mannschaften. Gemeinsam mit &hellip; <a href=\"https:\/\/www.schach-trofaiach.com\/blog\/askoe-landesturnier-4er-teamblitz\/12\/2023\/\" class=\"more-link\"><span class=\"screen-reader-text\">ASK\u00d6 Landesturnier: 4er Teamblitz<\/span> weiterlesen <span class=\"meta-nav\">&rarr;<\/span><\/a><\/p>\n","protected":false},"author":74,"featured_media":0,"comment_status":"open","ping_status":"open","sticky":false,"template":"","format":"standard","meta":{"_jetpack_newsletter_access":"","_jetpack_dont_email_post_to_subs":false,"_jetpack_newsletter_tier_id":0,"_jetpack_memberships_contains_paywalled_content":false,"_jetpack_feature_clip_id":0,"_jetpack_memberships_contains_paid_content":false,"footnotes":"","jetpack_publicize_message":"","jetpack_publicize_feature_enabled":true,"jetpack_social_post_already_shared":false,"jetpack_social_options":{"image_generator_settings":{"template":"highway","default_image_id":0,"font":"","enabled":false},"version":2},"jetpack_post_was_ever_published":false},"categories":[1],"tags":[],"class_list":["post-3956","post","type-post","status-publish","format-standard","hentry","category-allgemein"],"jetpack_publicize_connections":[],"jetpack_sharing_enabled":true,"jetpack_shortlink":"https:\/\/wp.me\/p7dg7S-11O","jetpack-related-posts":[],"jetpack_featured_media_url":"","_links":{"self":[{"href":"https:\/\/www.schach-trofaiach.com\/blog\/wp-json\/wp\/v2\/posts\/3956","targetHints":{"allow":["GET"]}}],"collection":[{"href":"https:\/\/www.schach-trofaiach.com\/blog\/wp-json\/wp\/v2\/posts"}],"about":[{"href":"https:\/\/www.schach-trofaiach.com\/blog\/wp-json\/wp\/v2\/types\/post"}],"author":[{"embeddable":true,"href":"https:\/\/www.schach-trofaiach.com\/blog\/wp-json\/wp\/v2\/users\/74"}],"replies":[{"embeddable":true,"href":"https:\/\/www.schach-trofaiach.com\/blog\/wp-json\/wp\/v2\/comments?post=3956"}],"version-history":[{"count":4,"href":"https:\/\/www.schach-trofaiach.com\/blog\/wp-json\/wp\/v2\/posts\/3956\/revisions"}],"predecessor-version":[{"id":3966,"href":"https:\/\/www.schach-trofaiach.com\/blog\/wp-json\/wp\/v2\/posts\/3956\/revisions\/3966"}],"wp:attachment":[{"href":"https:\/\/www.schach-trofaiach.com\/blog\/wp-json\/wp\/v2\/media?parent=3956"}],"wp:term":[{"taxonomy":"category","embeddable":true,"href":"https:\/\/www.schach-trofaiach.com\/blog\/wp-json\/wp\/v2\/categories?post=3956"},{"taxonomy":"post_tag","embeddable":true,"href":"https:\/\/www.schach-trofaiach.com\/blog\/wp-json\/wp\/v2\/tags?post=3956"}],"curies":[{"name":"wp","href":"https:\/\/api.w.org\/{rel}","templated":true}]}}